{"id":105,"date":"2022-06-01T20:27:54","date_gmt":"2022-06-01T18:27:54","guid":{"rendered":"https:\/\/www.granalacant.com\/?p=517"},"modified":"2022-06-07T11:15:31","modified_gmt":"2022-06-07T09:15:31","slug":"aldi-opening-gran-alacant","status":"publish","type":"post","link":"https:\/\/www.granalacant.com\/dk\/aldi-opening-gran-alacant\/","title":{"rendered":"Aldi \u00e5bner i Gran Alacant"},"content":{"rendered":"<p>Det nye Aldi -supermarked vil v\u00e6re \u00e5bent fra <strong> 22. juni 2022 <\/strong>, lokale medier (Diario de Alicante) rapporterede i dag. Sammen med Lidl, Consum, Mercadona og flere mindre britiske supermarkeder vil den nye Aldi i Gran Alacant v\u00e6re en af \u200b\u200bde st\u00f8rre butikker i GA. Den nye Aldi ligger p\u00e5 Avenida Noruega, hvor den gamle Gabe -butik var placeret. Det vil v\u00e6re en fantastisk destination for alle de nye hjem, der vil blive bygget i omr\u00e5det i fremtiden.<\/p>\n<p><img loading=\"lazy\" decoding=\"async\" class=\"alignnone wp-image-518 size-full\" src=\"https:\/\/www.granalacant.com\/wp-content\/uploads\/2022\/06\/aldi-gran-alacant-2022.jpg\" alt=\"Aldi \u00e5bner i Gran Alacant\" width=\"1107\" height=\"843\" \/><\/p>\n","protected":false},"excerpt":{"rendered":"<p>Det nye Aldi -supermarked vil v\u00e6re \u00e5bent fra 22. juni 2022 , lokale medier (Diario de Alicante) rapporterede i dag. Sammen med Lidl, Consum, Mercadona&hellip;<\/p>\n","protected":false},"author":2,"featured_media":0,"comment_status":"open","ping_status":"open","sticky":false,"template":"","format":"standard","meta":{"footnotes":""},"categories":[1],"tags":[],"_links":{"self":[{"href":"https:\/\/www.granalacant.com\/dk\/wp-json\/wp\/v2\/posts\/105"}],"collection":[{"href":"https:\/\/www.granalacant.com\/dk\/wp-json\/wp\/v2\/posts"}],"about":[{"href":"https:\/\/www.granalacant.com\/dk\/wp-json\/wp\/v2\/types\/post"}],"author":[{"embeddable":true,"href":"https:\/\/www.granalacant.com\/dk\/wp-json\/wp\/v2\/users\/2"}],"replies":[{"embeddable":true,"href":"https:\/\/www.granalacant.com\/dk\/wp-json\/wp\/v2\/comments?post=105"}],"version-history":[{"count":2,"href":"https:\/\/www.granalacant.com\/dk\/wp-json\/wp\/v2\/posts\/105\/revisions"}],"predecessor-version":[{"id":107,"href":"https:\/\/www.granalacant.com\/dk\/wp-json\/wp\/v2\/posts\/105\/revisions\/107"}],"wp:attachment":[{"href":"https:\/\/www.granalacant.com\/dk\/wp-json\/wp\/v2\/media?parent=105"}],"wp:term":[{"taxonomy":"category","embeddable":true,"href":"https:\/\/www.granalacant.com\/dk\/wp-json\/wp\/v2\/categories?post=105"},{"taxonomy":"post_tag","embeddable":true,"href":"https:\/\/www.granalacant.com\/dk\/wp-json\/wp\/v2\/tags?post=105"}],"curies":[{"name":"wp","href":"https:\/\/api.w.org\/{rel}","templated":true}]}}