{"id":90,"date":"2022-01-05T12:08:49","date_gmt":"2022-01-05T10:08:49","guid":{"rendered":"https:\/\/www.granalacant.com\/?p=386"},"modified":"2022-01-05T12:08:49","modified_gmt":"2022-01-05T10:08:49","slug":"cavalcade-magi-2022","status":"publish","type":"post","link":"https:\/\/www.granalacant.com\/dk\/cavalcade-magi-2022\/","title":{"rendered":"Cavalcade of Magi i Gran Alacant 2022"},"content":{"rendered":"<p>I Gran Alacant finder Three Magi Parade sted onsdag den 5. januar kl. 17.00.  Mere end hundrede mennesker vil deltage i paraden.  Processionen starter p\u00e5 Avenida Escandinavia i h\u00f8jden af \u200b\u200bpavillonen (Pabellon Jose Antonio Alema\u00f1 Valero) og slutter ved det kommunale kontor.  V\u00e6r opm\u00e6rksom p\u00e5 Covid19 reglerne.<\/p>\n","protected":false},"excerpt":{"rendered":"<p>I Gran Alacant finder Three Magi Parade sted onsdag den 5. januar kl. 17.00. Mere end hundrede mennesker vil deltage i paraden. Processionen starter p\u00e5&hellip;<\/p>\n","protected":false},"author":2,"featured_media":0,"comment_status":"open","ping_status":"open","sticky":false,"template":"","format":"standard","meta":{"footnotes":""},"categories":[1],"tags":[],"_links":{"self":[{"href":"https:\/\/www.granalacant.com\/dk\/wp-json\/wp\/v2\/posts\/90"}],"collection":[{"href":"https:\/\/www.granalacant.com\/dk\/wp-json\/wp\/v2\/posts"}],"about":[{"href":"https:\/\/www.granalacant.com\/dk\/wp-json\/wp\/v2\/types\/post"}],"author":[{"embeddable":true,"href":"https:\/\/www.granalacant.com\/dk\/wp-json\/wp\/v2\/users\/2"}],"replies":[{"embeddable":true,"href":"https:\/\/www.granalacant.com\/dk\/wp-json\/wp\/v2\/comments?post=90"}],"version-history":[{"count":0,"href":"https:\/\/www.granalacant.com\/dk\/wp-json\/wp\/v2\/posts\/90\/revisions"}],"wp:attachment":[{"href":"https:\/\/www.granalacant.com\/dk\/wp-json\/wp\/v2\/media?parent=90"}],"wp:term":[{"taxonomy":"category","embeddable":true,"href":"https:\/\/www.granalacant.com\/dk\/wp-json\/wp\/v2\/categories?post=90"},{"taxonomy":"post_tag","embeddable":true,"href":"https:\/\/www.granalacant.com\/dk\/wp-json\/wp\/v2\/tags?post=90"}],"curies":[{"name":"wp","href":"https:\/\/api.w.org\/{rel}","templated":true}]}}