{"id":98,"date":"2022-02-06T13:33:26","date_gmt":"2022-02-06T11:33:26","guid":{"rendered":"https:\/\/www.granalacant.com\/?p=414"},"modified":"2022-02-06T13:33:26","modified_gmt":"2022-02-06T11:33:26","slug":"new-mobile-network-antenna-coverage-gran-alacant","status":"publish","type":"post","link":"https:\/\/www.granalacant.com\/dk\/new-mobile-network-antenna-coverage-gran-alacant\/","title":{"rendered":"Ny 25m h\u00f8j mobilnetv\u00e6rksantenne for at forbedre d\u00e6kningen i Gran Alacant"},"content":{"rendered":"<p>Implementering af planer for en ny 25m h\u00f8j mobilnetv\u00e6rksantenne begyndte tidligere p\u00e5 m\u00e5neden.  Planl\u00e6gningen blev p\u00e5begyndt for to \u00e5r siden, if\u00f8lge Santa Pola lokalr\u00e5d.  Masten skal rejses i den \u00f8vre del af Gran Alacant og l\u00f8se de nuv\u00e6rende problemer med utilstr\u00e6kkelig netd\u00e6kning.  Operat\u00f8ren af \u200b\u200bden nye antenne er mobiltelefonselskabet Telefonica.<br \/>\n En anden antenne er formentlig planlagt til den nederste del af Gran Alacant, som forh\u00e5bentlig ogs\u00e5 vil kunne d\u00e6kke omr\u00e5derne Costa Hispania, Novamar og Monte y Mar.  Is\u00e6r i Novamar og i retning mod Clot de Galvany er mobiltelefond\u00e6kningen meget d\u00e5rlig.<\/p>\n","protected":false},"excerpt":{"rendered":"<p>Implementering af planer for en ny 25m h\u00f8j mobilnetv\u00e6rksantenne begyndte tidligere p\u00e5 m\u00e5neden. Planl\u00e6gningen blev p\u00e5begyndt for to \u00e5r siden, if\u00f8lge Santa Pola lokalr\u00e5d. Masten&hellip;<\/p>\n","protected":false},"author":2,"featured_media":0,"comment_status":"open","ping_status":"open","sticky":false,"template":"","format":"standard","meta":{"footnotes":""},"categories":[1],"tags":[],"_links":{"self":[{"href":"https:\/\/www.granalacant.com\/dk\/wp-json\/wp\/v2\/posts\/98"}],"collection":[{"href":"https:\/\/www.granalacant.com\/dk\/wp-json\/wp\/v2\/posts"}],"about":[{"href":"https:\/\/www.granalacant.com\/dk\/wp-json\/wp\/v2\/types\/post"}],"author":[{"embeddable":true,"href":"https:\/\/www.granalacant.com\/dk\/wp-json\/wp\/v2\/users\/2"}],"replies":[{"embeddable":true,"href":"https:\/\/www.granalacant.com\/dk\/wp-json\/wp\/v2\/comments?post=98"}],"version-history":[{"count":0,"href":"https:\/\/www.granalacant.com\/dk\/wp-json\/wp\/v2\/posts\/98\/revisions"}],"wp:attachment":[{"href":"https:\/\/www.granalacant.com\/dk\/wp-json\/wp\/v2\/media?parent=98"}],"wp:term":[{"taxonomy":"category","embeddable":true,"href":"https:\/\/www.granalacant.com\/dk\/wp-json\/wp\/v2\/categories?post=98"},{"taxonomy":"post_tag","embeddable":true,"href":"https:\/\/www.granalacant.com\/dk\/wp-json\/wp\/v2\/tags?post=98"}],"curies":[{"name":"wp","href":"https:\/\/api.w.org\/{rel}","templated":true}]}}