{"id":100,"date":"2022-01-05T12:08:49","date_gmt":"2022-01-05T10:08:49","guid":{"rendered":"https:\/\/www.granalacant.com\/?p=386"},"modified":"2022-01-05T12:08:49","modified_gmt":"2022-01-05T10:08:49","slug":"cavalcade-magi-2022","status":"publish","type":"post","link":"https:\/\/www.granalacant.com\/fr\/cavalcade-magi-2022\/","title":{"rendered":"Cavalcade des mages \u00e0 Gran Alacant 2022"},"content":{"rendered":"<p>\u00c0 Gran Alacant, la parade des trois mages aura lieu le mercredi 5 janvier \u00e0 17h.  Plus d&#39;une centaine de personnes participeront au d\u00e9fil\u00e9.  La procession d\u00e9butera sur l&#39;Avenida Escandinavia \u00e0 la hauteur du pavillon (Pabellon Jose Antonio Alema\u00f1 Valero) et se terminera au bureau municipal.  Veuillez prendre note de la r\u00e9glementation Covid19.<\/p>\n","protected":false},"excerpt":{"rendered":"<p>\u00c0 Gran Alacant, la parade des trois mages aura lieu le mercredi 5 janvier \u00e0 17h. Plus d&#39;une centaine de personnes participeront au d\u00e9fil\u00e9. La&hellip;<\/p>\n","protected":false},"author":2,"featured_media":0,"comment_status":"open","ping_status":"open","sticky":false,"template":"","format":"standard","meta":{"footnotes":""},"categories":[1],"tags":[],"_links":{"self":[{"href":"https:\/\/www.granalacant.com\/fr\/wp-json\/wp\/v2\/posts\/100"}],"collection":[{"href":"https:\/\/www.granalacant.com\/fr\/wp-json\/wp\/v2\/posts"}],"about":[{"href":"https:\/\/www.granalacant.com\/fr\/wp-json\/wp\/v2\/types\/post"}],"author":[{"embeddable":true,"href":"https:\/\/www.granalacant.com\/fr\/wp-json\/wp\/v2\/users\/2"}],"replies":[{"embeddable":true,"href":"https:\/\/www.granalacant.com\/fr\/wp-json\/wp\/v2\/comments?post=100"}],"version-history":[{"count":0,"href":"https:\/\/www.granalacant.com\/fr\/wp-json\/wp\/v2\/posts\/100\/revisions"}],"wp:attachment":[{"href":"https:\/\/www.granalacant.com\/fr\/wp-json\/wp\/v2\/media?parent=100"}],"wp:term":[{"taxonomy":"category","embeddable":true,"href":"https:\/\/www.granalacant.com\/fr\/wp-json\/wp\/v2\/categories?post=100"},{"taxonomy":"post_tag","embeddable":true,"href":"https:\/\/www.granalacant.com\/fr\/wp-json\/wp\/v2\/tags?post=100"}],"curies":[{"name":"wp","href":"https:\/\/api.w.org\/{rel}","templated":true}]}}