{"id":121,"date":"2022-06-01T20:27:54","date_gmt":"2022-06-01T18:27:54","guid":{"rendered":"https:\/\/www.granalacant.com\/?p=517"},"modified":"2022-06-07T11:14:46","modified_gmt":"2022-06-07T09:14:46","slug":"aldi-opening-gran-alacant","status":"publish","type":"post","link":"https:\/\/www.granalacant.com\/fr\/aldi-opening-gran-alacant\/","title":{"rendered":"Aldi ouvertisse \u00e0 Gran Alacant"},"content":{"rendered":"<p>Le nouveau supermarch\u00e9 Aldi sera ouvert \u00e0 partir de <strong> 22 juin 2022 <\/strong>, ont rapport\u00e9 aujourd&rsquo;hui les m\u00e9dias locaux (Diario de Alicante). Avec Lidl, Consum, Mercadona et plusieurs petits supermarch\u00e9s britanniques, le nouvel Aldi \u00e0 Gran Alacant sera l&rsquo;un des plus grands magasins de GA. Le nouvel Aldi est situ\u00e9 sur Avenida Noruega, o\u00f9 se trouvait l&rsquo;ancien magasin Gabe. Ce sera une excellente destination pour toutes les nouvelles maisons qui seront construites dans la r\u00e9gion \u00e0 l&rsquo;avenir.<\/p>\n<p><img loading=\"lazy\" decoding=\"async\" class=\"alignnone wp-image-518 size-full\" src=\"https:\/\/www.granalacant.com\/wp-content\/uploads\/2022\/06\/aldi-gran-alacant-2022.jpg\" alt=\"Aldi Ouvertisse \u00e0 Gran Alacant\" width=\"1107\" height=\"843\" \/><\/p>\n","protected":false},"excerpt":{"rendered":"<p>Le nouveau supermarch\u00e9 Aldi sera ouvert \u00e0 partir de 22 juin 2022 , ont rapport\u00e9 aujourd&rsquo;hui les m\u00e9dias locaux (Diario de Alicante). Avec Lidl, Consum,&hellip;<\/p>\n","protected":false},"author":2,"featured_media":0,"comment_status":"open","ping_status":"open","sticky":false,"template":"","format":"standard","meta":{"footnotes":""},"categories":[1],"tags":[],"_links":{"self":[{"href":"https:\/\/www.granalacant.com\/fr\/wp-json\/wp\/v2\/posts\/121"}],"collection":[{"href":"https:\/\/www.granalacant.com\/fr\/wp-json\/wp\/v2\/posts"}],"about":[{"href":"https:\/\/www.granalacant.com\/fr\/wp-json\/wp\/v2\/types\/post"}],"author":[{"embeddable":true,"href":"https:\/\/www.granalacant.com\/fr\/wp-json\/wp\/v2\/users\/2"}],"replies":[{"embeddable":true,"href":"https:\/\/www.granalacant.com\/fr\/wp-json\/wp\/v2\/comments?post=121"}],"version-history":[{"count":3,"href":"https:\/\/www.granalacant.com\/fr\/wp-json\/wp\/v2\/posts\/121\/revisions"}],"predecessor-version":[{"id":124,"href":"https:\/\/www.granalacant.com\/fr\/wp-json\/wp\/v2\/posts\/121\/revisions\/124"}],"wp:attachment":[{"href":"https:\/\/www.granalacant.com\/fr\/wp-json\/wp\/v2\/media?parent=121"}],"wp:term":[{"taxonomy":"category","embeddable":true,"href":"https:\/\/www.granalacant.com\/fr\/wp-json\/wp\/v2\/categories?post=121"},{"taxonomy":"post_tag","embeddable":true,"href":"https:\/\/www.granalacant.com\/fr\/wp-json\/wp\/v2\/tags?post=121"}],"curies":[{"name":"wp","href":"https:\/\/api.w.org\/{rel}","templated":true}]}}