{"id":126,"date":"2023-07-10T09:45:07","date_gmt":"2023-07-10T07:45:07","guid":{"rendered":"https:\/\/www.granalacant.com\/fr\/?p=126"},"modified":"2023-07-10T09:45:07","modified_gmt":"2023-07-10T07:45:07","slug":"gran-alacant-est-desormais-visible-en-3d-sur-google-maps","status":"publish","type":"post","link":"https:\/\/www.granalacant.com\/fr\/gran-alacant-est-desormais-visible-en-3d-sur-google-maps\/","title":{"rendered":"Gran Alacant est d\u00e9sormais visible en 3D sur Google Maps"},"content":{"rendered":"<p>Il y a quelques jours, Google Maps a \u00e9tendu la vue <a href=\"https:\/\/goo.gl\/maps\/H6BAMQJJSJU3ktGKA\" target=\"_blank\" rel=\"noopener\">cartographique en 3D de Gran Alacant<\/a> et couvre d\u00e9sormais environ 60 % de la zone de Gran Alacant. Jusqu&rsquo;\u00e0 pr\u00e9sent, seule la ville d&rsquo;Alicante jusqu&rsquo;\u00e0 la zone d&rsquo;Urbanova au sud pouvait \u00eatre visualis\u00e9e dans la vue 3D des b\u00e2timents via Google Maps et Google Earth. D\u00e9sormais, le mat\u00e9riel cartographique de notre r\u00e9gion a \u00e9t\u00e9 \u00e9largi et les calculs de construction en 3D ont \u00e9galement \u00e9t\u00e9 \u00e9tendus \u00e0 certaines parties de Gran Alacant.<\/p>\n<p><img loading=\"lazy\" decoding=\"async\" class=\"wp-image-127 alignright\" src=\"https:\/\/www.granalacant.com\/fr\/wp-content\/uploads\/2023\/07\/globus-view-fr.jpg\" alt=\"Vue Globe\" width=\"141\" height=\"96\" \/>Les images de la carte datent d&rsquo;environ mai 2022, lorsque <a href=\"https:\/\/goo.gl\/maps\/TUkgiY1evevZpGdB8\" target=\"_blank\" rel=\"noopener\">l&rsquo;Aldi<\/a> \u00e9tait sur <a href=\"https:\/\/www.granalacant.com\/fr\/aldi-opening-gran-alacant\/\">le point d&rsquo;ouvrir<\/a>. La nouvelle vue 3D n&rsquo;est pas encore disponible sur toutes les applications mobiles de Google Maps. Utilisez votre navigateur Chrome sur votre ordinateur portable ou PC et, si n\u00e9cessaire, activez la \u00ab\u00a0vue globe\u00a0\u00bb en bas \u00e0 gauche des couches de la carte.<\/p>\n<p><img loading=\"lazy\" decoding=\"async\" class=\"alignnone wp-image-128 size-full\" src=\"https:\/\/www.granalacant.com\/fr\/wp-content\/uploads\/2023\/07\/gran-alacant-3d.jpg\" alt=\"Gran Alacant 3D\" width=\"1306\" height=\"653\" srcset=\"https:\/\/www.granalacant.com\/fr\/wp-content\/uploads\/2023\/07\/gran-alacant-3d.jpg 1306w, https:\/\/www.granalacant.com\/fr\/wp-content\/uploads\/2023\/07\/gran-alacant-3d-300x150.jpg 300w, https:\/\/www.granalacant.com\/fr\/wp-content\/uploads\/2023\/07\/gran-alacant-3d-1024x512.jpg 1024w, https:\/\/www.granalacant.com\/fr\/wp-content\/uploads\/2023\/07\/gran-alacant-3d-768x384.jpg 768w\" sizes=\"(max-width: 1306px) 100vw, 1306px\" \/><\/p>\n<p>Cette fonction est particuli\u00e8rement int\u00e9ressante pour les touristes, les agences immobili\u00e8res et les acheteurs potentiels de biens immobiliers, qui peuvent ainsi se faire une id\u00e9e encore plus pr\u00e9cise et r\u00e9aliste de l&rsquo;environnement.<\/p>\n<p>La municipalit\u00e9 voisine de Los Arenales del Sol a \u00e9galement \u00e9t\u00e9 incluse dans cette fonction 3D.<\/p>\n<p>Malheureusement, Google n&rsquo;a pas \u00e9tendu le calcul \u00e0 l&rsquo;ensemble de Gran Alacant. Si Gran Vista est toujours couvert, les tours de l&rsquo;urbanisation \u00ab\u00a0Gran Alacant\u00a0\u00bb et \u00ab\u00a0Carabasi\u00a0\u00bb ainsi que les zones de Monte Faro et Don Pueblo et Altomar II, Brisa del Mar et toutes les zones situ\u00e9es plus loin vers le phare ne sont pas couvertes. La ville de Santa Pola n&rsquo;est pas non plus couverte. Au sud, seules les zones allant de Pinomar en direction de Torrevieja sont incluses dans les donn\u00e9es de construction en 3D.<\/p>\n","protected":false},"excerpt":{"rendered":"<p>Il y a quelques jours, Google Maps a \u00e9tendu la vue cartographique en 3D de Gran Alacant et couvre d\u00e9sormais environ 60 % de la&hellip;<\/p>\n","protected":false},"author":1,"featured_media":0,"comment_status":"open","ping_status":"open","sticky":false,"template":"","format":"standard","meta":{"footnotes":""},"categories":[1],"tags":[],"_links":{"self":[{"href":"https:\/\/www.granalacant.com\/fr\/wp-json\/wp\/v2\/posts\/126"}],"collection":[{"href":"https:\/\/www.granalacant.com\/fr\/wp-json\/wp\/v2\/posts"}],"about":[{"href":"https:\/\/www.granalacant.com\/fr\/wp-json\/wp\/v2\/types\/post"}],"author":[{"embeddable":true,"href":"https:\/\/www.granalacant.com\/fr\/wp-json\/wp\/v2\/users\/1"}],"replies":[{"embeddable":true,"href":"https:\/\/www.granalacant.com\/fr\/wp-json\/wp\/v2\/comments?post=126"}],"version-history":[{"count":1,"href":"https:\/\/www.granalacant.com\/fr\/wp-json\/wp\/v2\/posts\/126\/revisions"}],"predecessor-version":[{"id":129,"href":"https:\/\/www.granalacant.com\/fr\/wp-json\/wp\/v2\/posts\/126\/revisions\/129"}],"wp:attachment":[{"href":"https:\/\/www.granalacant.com\/fr\/wp-json\/wp\/v2\/media?parent=126"}],"wp:term":[{"taxonomy":"category","embeddable":true,"href":"https:\/\/www.granalacant.com\/fr\/wp-json\/wp\/v2\/categories?post=126"},{"taxonomy":"post_tag","embeddable":true,"href":"https:\/\/www.granalacant.com\/fr\/wp-json\/wp\/v2\/tags?post=126"}],"curies":[{"name":"wp","href":"https:\/\/api.w.org\/{rel}","templated":true}]}}