{"id":77,"date":"2022-01-05T12:08:49","date_gmt":"2022-01-05T10:08:49","guid":{"rendered":"https:\/\/www.granalacant.com\/?p=386"},"modified":"2022-05-09T12:02:09","modified_gmt":"2022-05-09T10:02:09","slug":"cavalcade-magi-2022","status":"publish","type":"post","link":"https:\/\/www.granalacant.com\/se\/cavalcade-magi-2022\/","title":{"rendered":"Cavalcade of Magi i Gran Alacant 2022"},"content":{"rendered":"<p>I Gran Alacant kommer Three Magi Parade att \u00e4ga rum onsdagen den 5 januari klockan 17.00. \u00d6ver hundra personer kommer att delta i paraden. Processionen b\u00f6rjar p\u00e5 Avenida Escandinavia i h\u00f6jd med paviljongen (Pabellon Jose Antonio Alema\u00f1 Valero) och slutar vid kommunkontoret. Observera Covid19-reglerna.<\/p>\n","protected":false},"excerpt":{"rendered":"<p>I Gran Alacant kommer Three Magi Parade att \u00e4ga rum onsdagen den 5 januari klockan 17.00. \u00d6ver hundra personer kommer att delta i paraden. Processionen&hellip;<\/p>\n","protected":false},"author":2,"featured_media":0,"comment_status":"open","ping_status":"open","sticky":false,"template":"","format":"standard","meta":{"footnotes":""},"categories":[1],"tags":[],"_links":{"self":[{"href":"https:\/\/www.granalacant.com\/se\/wp-json\/wp\/v2\/posts\/77"}],"collection":[{"href":"https:\/\/www.granalacant.com\/se\/wp-json\/wp\/v2\/posts"}],"about":[{"href":"https:\/\/www.granalacant.com\/se\/wp-json\/wp\/v2\/types\/post"}],"author":[{"embeddable":true,"href":"https:\/\/www.granalacant.com\/se\/wp-json\/wp\/v2\/users\/2"}],"replies":[{"embeddable":true,"href":"https:\/\/www.granalacant.com\/se\/wp-json\/wp\/v2\/comments?post=77"}],"version-history":[{"count":1,"href":"https:\/\/www.granalacant.com\/se\/wp-json\/wp\/v2\/posts\/77\/revisions"}],"predecessor-version":[{"id":101,"href":"https:\/\/www.granalacant.com\/se\/wp-json\/wp\/v2\/posts\/77\/revisions\/101"}],"wp:attachment":[{"href":"https:\/\/www.granalacant.com\/se\/wp-json\/wp\/v2\/media?parent=77"}],"wp:term":[{"taxonomy":"category","embeddable":true,"href":"https:\/\/www.granalacant.com\/se\/wp-json\/wp\/v2\/categories?post=77"},{"taxonomy":"post_tag","embeddable":true,"href":"https:\/\/www.granalacant.com\/se\/wp-json\/wp\/v2\/tags?post=77"}],"curies":[{"name":"wp","href":"https:\/\/api.w.org\/{rel}","templated":true}]}}